{"id":262,"date":"2016-07-13T13:17:41","date_gmt":"2016-07-13T11:17:41","guid":{"rendered":"http:\/\/new.abbaye-st-denis.be\/?p=262"},"modified":"2020-05-14T16:16:27","modified_gmt":"2020-05-14T14:16:27","slug":"nos-editions","status":"publish","type":"post","link":"https:\/\/abbaye-st-denis.be\/index.php\/2016\/07\/13\/nos-editions\/","title":{"rendered":"Nos \u00e9ditions"},"content":{"rendered":"<p><strong>Quelques unes de nos publications&nbsp;<\/strong><strong>que vous&nbsp;pouvez commander par mail : info@abbaye-st-denis.be<\/strong><\/p>\n<table style=\"height: 886px;\" width=\"581\" border=\"0\">\n<tbody>\n<tr>\n<td>&nbsp;&nbsp;&nbsp;&nbsp;&nbsp;&nbsp;&nbsp;&nbsp;&nbsp;&nbsp;&nbsp;&nbsp;&nbsp;&nbsp;&nbsp;&nbsp;&nbsp;&nbsp;&nbsp;&nbsp;&nbsp;&nbsp;&nbsp;&nbsp;&nbsp;&nbsp;&nbsp;&nbsp;&nbsp;&nbsp;&nbsp;&nbsp;&nbsp;&nbsp;&nbsp;&nbsp;&nbsp;<img loading=\"lazy\" decoding=\"async\" class=\"wp-image-318 alignleft\" src=\"http:\/\/new.abbaye-st-denis.be\/wp-content\/uploads\/2016\/07\/Page-1-300x212.jpg\" alt=\"Page 1\" width=\"165\" height=\"117\"><\/td>\n<td><\/td>\n<td>\n<p style=\"text-align: left;\">Une multitude de souvenirs cocasses ou tendres des nombreuses ann\u00e9es de tables d\u2019h\u00f4tes \u00e0 l&rsquo;Abbaye\u2026<\/p>\n<p>Nicole, artiste&nbsp;passionn\u00e9e d&rsquo;aquarelle&nbsp;nous a rassembl\u00e9 ces souvenirs dans&nbsp;un superbe recueil illustr\u00e9 de sa main\u2026<\/p>\n<h6 style=\"text-align: left;\">Prix de vente : 18,00 Euro.<\/h6>\n<\/td>\n<\/tr>\n<tr>\n<td><img loading=\"lazy\" decoding=\"async\" class=\"wp-image-320 aligncenter\" src=\"http:\/\/new.abbaye-st-denis.be\/wp-content\/uploads\/2016\/07\/Couverture-01-211x300.png\" alt=\"Couverture 01\" width=\"199\" height=\"283\" srcset=\"https:\/\/abbaye-st-denis.be\/wp-content\/uploads\/2016\/07\/Couverture-01-211x300.png 211w, https:\/\/abbaye-st-denis.be\/wp-content\/uploads\/2016\/07\/Couverture-01.png 703w, https:\/\/abbaye-st-denis.be\/wp-content\/uploads\/2016\/07\/Couverture-01-141x200.png 141w\" sizes=\"auto, (max-width: 199px) 100vw, 199px\" \/><\/td>\n<td><\/td>\n<td>Le 39e abb\u00e9, Jean de Saint-Ghislain, n\u2019a pas c\u00e9l\u00e9br\u00e9 de messe solennelle en ce dimanche 14 ao\u00fbt 1678.<\/p>\n<p style=\"text-align: left;\">Il ignorait que la paix fut conclue \u00e0 Nim\u00e8gue depuis le 10\u2026<\/p>\n<h6 style=\"text-align: left;\">Prix de vente : 8,00 Euro.<\/h6>\n<\/td>\n<\/tr>\n<tr>\n<td>&nbsp;<img loading=\"lazy\" decoding=\"async\" class=\"wp-image-321 aligncenter\" src=\"http:\/\/new.abbaye-st-denis.be\/wp-content\/uploads\/2016\/07\/Couverture-livre-2005-211x300.png\" alt=\"Couverture livre 2005\" width=\"197\" height=\"280\" srcset=\"https:\/\/abbaye-st-denis.be\/wp-content\/uploads\/2016\/07\/Couverture-livre-2005-211x300.png 211w, https:\/\/abbaye-st-denis.be\/wp-content\/uploads\/2016\/07\/Couverture-livre-2005-140x200.png 140w, https:\/\/abbaye-st-denis.be\/wp-content\/uploads\/2016\/07\/Couverture-livre-2005.png 712w\" sizes=\"auto, (max-width: 197px) 100vw, 197px\" \/><\/td>\n<td><\/td>\n<td>Abbaye jusqu\u2019\u00e0 la r\u00e9volution fran\u00e7aise, filature jusque 1957&nbsp;et coop\u00e9rative d\u2019habitat group\u00e9 depuis 1978\u2026<\/p>\n<p style=\"text-align: left;\">R\u00e9alis\u00e9e \u00e0 l\u2019occasion des Journ\u00e9es du Patrimoine 2004, cette publication retrace l\u2019histoire d\u2019un site exceptionnel par son histoire&#8230; et ses histoires.<\/p>\n<h6 style=\"text-align: left;\">Prix de vente : 8,00 Euro.<\/h6>\n<\/td>\n<\/tr>\n<\/tbody>\n<\/table>\n","protected":false},"excerpt":{"rendered":"<p>Quelques unes de nos publications&nbsp;que vous&nbsp;pouvez commander par mail : info@abbaye-st-denis.be &nbsp;&nbsp;&nbsp;&nbsp;&nbsp;&nbsp;&nbsp;&nbsp;&nbsp;&nbsp;&nbsp;&nbsp;&nbsp;&nbsp;&nbsp;&nbsp;&nbsp;&nbsp;&nbsp;&nbsp;&nbsp;&nbsp;&nbsp;&nbsp;&nbsp;&nbsp;&nbsp;&nbsp;&nbsp;&nbsp;&nbsp;&nbsp;&nbsp;&nbsp;&nbsp;&nbsp;&nbsp; Une multitude de souvenirs cocasses ou tendres des nombreuses ann\u00e9es de tables d\u2019h\u00f4tes \u00e0 l&rsquo;Abbaye\u2026 Nicole, artiste&nbsp;passionn\u00e9e d&rsquo;aquarelle&nbsp;nous a rassembl\u00e9 ces souvenirs dans&nbsp;un superbe recueil illustr\u00e9 de sa main\u2026 Prix de vente : 18,00 Euro. Le 39e abb\u00e9, Jean de Saint-Ghislain, n\u2019a pas [&hellip;]<\/p>\n","protected":false},"author":2,"featured_media":0,"comment_status":"closed","ping_status":"closed","sticky":false,"template":"","format":"standard","meta":{"footnotes":""},"categories":[5],"tags":[],"class_list":["post-262","post","type-post","status-publish","format-standard","hentry","category-annonces"],"_links":{"self":[{"href":"https:\/\/abbaye-st-denis.be\/index.php\/wp-json\/wp\/v2\/posts\/262","targetHints":{"allow":["GET"]}}],"collection":[{"href":"https:\/\/abbaye-st-denis.be\/index.php\/wp-json\/wp\/v2\/posts"}],"about":[{"href":"https:\/\/abbaye-st-denis.be\/index.php\/wp-json\/wp\/v2\/types\/post"}],"author":[{"embeddable":true,"href":"https:\/\/abbaye-st-denis.be\/index.php\/wp-json\/wp\/v2\/users\/2"}],"replies":[{"embeddable":true,"href":"https:\/\/abbaye-st-denis.be\/index.php\/wp-json\/wp\/v2\/comments?post=262"}],"version-history":[{"count":11,"href":"https:\/\/abbaye-st-denis.be\/index.php\/wp-json\/wp\/v2\/posts\/262\/revisions"}],"predecessor-version":[{"id":508,"href":"https:\/\/abbaye-st-denis.be\/index.php\/wp-json\/wp\/v2\/posts\/262\/revisions\/508"}],"wp:attachment":[{"href":"https:\/\/abbaye-st-denis.be\/index.php\/wp-json\/wp\/v2\/media?parent=262"}],"wp:term":[{"taxonomy":"category","embeddable":true,"href":"https:\/\/abbaye-st-denis.be\/index.php\/wp-json\/wp\/v2\/categories?post=262"},{"taxonomy":"post_tag","embeddable":true,"href":"https:\/\/abbaye-st-denis.be\/index.php\/wp-json\/wp\/v2\/tags?post=262"}],"curies":[{"name":"wp","href":"https:\/\/api.w.org\/{rel}","templated":true}]}}