{"id":506,"date":"2020-05-14T15:46:22","date_gmt":"2020-05-14T13:46:22","guid":{"rendered":"http:\/\/new.abbaye-st-denis.be\/?p=506"},"modified":"2020-05-19T14:19:31","modified_gmt":"2020-05-19T12:19:31","slug":"taiji","status":"publish","type":"post","link":"https:\/\/abbaye-st-denis.be\/index.php\/2020\/05\/14\/taiji\/","title":{"rendered":"TaiJi"},"content":{"rendered":"\n<p class=\"has-text-align-left\"><strong>Stage international d&rsquo;\u00e9t\u00e9 tout public<\/strong><br>\u00c9cole de Taijiquan Eric CAULIE \/ Du 30 juillet au 3 ao\u00fbt 2016 <\/p>\n\n\n\n<p>Depuis plus de 10 ans, le cadre paisible de l\u2019abbaye accueille le Taijiquan<br>pour son stage d\u2019\u00e9t\u00e9. <\/p>\n\n\n\n<p class=\"has-text-align-center\">Renseignements et inscriptions :<br>http:\/\/www.taijiquan.be <\/p>\n\n\n\n<p><br><\/p>\n","protected":false},"excerpt":{"rendered":"<p>Stage international d&rsquo;\u00e9t\u00e9 tout public\u00c9cole de Taijiquan Eric CAULIE \/ Du 30 juillet au 3 ao\u00fbt 2016 Depuis plus de 10 ans, le cadre paisible de l\u2019abbaye accueille le Taijiquanpour son stage d\u2019\u00e9t\u00e9. Renseignements et inscriptions :http:\/\/www.taijiquan.be<\/p>\n","protected":false},"author":3,"featured_media":424,"comment_status":"closed","ping_status":"closed","sticky":false,"template":"post-templates\/cover.php","format":"standard","meta":{"footnotes":""},"categories":[3],"tags":[],"class_list":["post-506","post","type-post","status-publish","format-standard","has-post-thumbnail","hentry","category-evenements"],"_links":{"self":[{"href":"https:\/\/abbaye-st-denis.be\/index.php\/wp-json\/wp\/v2\/posts\/506","targetHints":{"allow":["GET"]}}],"collection":[{"href":"https:\/\/abbaye-st-denis.be\/index.php\/wp-json\/wp\/v2\/posts"}],"about":[{"href":"https:\/\/abbaye-st-denis.be\/index.php\/wp-json\/wp\/v2\/types\/post"}],"author":[{"embeddable":true,"href":"https:\/\/abbaye-st-denis.be\/index.php\/wp-json\/wp\/v2\/users\/3"}],"replies":[{"embeddable":true,"href":"https:\/\/abbaye-st-denis.be\/index.php\/wp-json\/wp\/v2\/comments?post=506"}],"version-history":[{"count":9,"href":"https:\/\/abbaye-st-denis.be\/index.php\/wp-json\/wp\/v2\/posts\/506\/revisions"}],"predecessor-version":[{"id":609,"href":"https:\/\/abbaye-st-denis.be\/index.php\/wp-json\/wp\/v2\/posts\/506\/revisions\/609"}],"wp:featuredmedia":[{"embeddable":true,"href":"https:\/\/abbaye-st-denis.be\/index.php\/wp-json\/wp\/v2\/media\/424"}],"wp:attachment":[{"href":"https:\/\/abbaye-st-denis.be\/index.php\/wp-json\/wp\/v2\/media?parent=506"}],"wp:term":[{"taxonomy":"category","embeddable":true,"href":"https:\/\/abbaye-st-denis.be\/index.php\/wp-json\/wp\/v2\/categories?post=506"},{"taxonomy":"post_tag","embeddable":true,"href":"https:\/\/abbaye-st-denis.be\/index.php\/wp-json\/wp\/v2\/tags?post=506"}],"curies":[{"name":"wp","href":"https:\/\/api.w.org\/{rel}","templated":true}]}}